{"id":6997,"date":"2023-07-03T12:59:57","date_gmt":"2023-07-03T10:59:57","guid":{"rendered":"https:\/\/www.dogaparts.es\/2023\/07\/03\/doga-dans-le-rallye-dakar-classics-2022\/"},"modified":"2023-07-12T17:10:03","modified_gmt":"2023-07-12T15:10:03","slug":"doga-dans-le-rallye-dakar-classics-2022","status":"publish","type":"post","link":"https:\/\/www.dogaparts.es\/fr\/2023\/07\/03\/doga-dans-le-rallye-dakar-classics-2022\/","title":{"rendered":"DOGA dans le Rallye Dakar Classics 2022."},"content":{"rendered":"[vc_row type=\u00a0\u00bbin_container\u00a0\u00bb full_screen_row_position=\u00a0\u00bbmiddle\u00a0\u00bb column_margin=\u00a0\u00bbdefault\u00a0\u00bb column_direction=\u00a0\u00bbdefault\u00a0\u00bb column_direction_tablet=\u00a0\u00bbdefault\u00a0\u00bb column_direction_phone=\u00a0\u00bbdefault\u00a0\u00bb scene_position=\u00a0\u00bbcenter\u00a0\u00bb text_color=\u00a0\u00bbdark\u00a0\u00bb text_align=\u00a0\u00bbleft\u00a0\u00bb row_border_radius=\u00a0\u00bbnone\u00a0\u00bb row_border_radius_applies=\u00a0\u00bbbg\u00a0\u00bb overlay_strength=\u00a0\u00bb0.3&Prime; gradient_direction=\u00a0\u00bbleft_to_right\u00a0\u00bb shape_divider_position=\u00a0\u00bbbottom\u00a0\u00bb bg_image_animation=\u00a0\u00bbnone\u00a0\u00bb][vc_column column_padding=\u00a0\u00bbno-extra-padding\u00a0\u00bb column_padding_tablet=\u00a0\u00bbinherit\u00a0\u00bb column_padding_phone=\u00a0\u00bbinherit\u00a0\u00bb column_padding_position=\u00a0\u00bball\u00a0\u00bb column_element_spacing=\u00a0\u00bbdefault\u00a0\u00bb background_color_opacity=\u00a0\u00bb1&Prime; background_hover_color_opacity=\u00a0\u00bb1&Prime; column_shadow=\u00a0\u00bbnone\u00a0\u00bb column_border_radius=\u00a0\u00bbnone\u00a0\u00bb column_link_target=\u00a0\u00bb_self\u00a0\u00bb gradient_direction=\u00a0\u00bbleft_to_right\u00a0\u00bb overlay_strength=\u00a0\u00bb0.3&Prime; width=\u00a0\u00bb1\/1&Prime; tablet_width_inherit=\u00a0\u00bbdefault\u00a0\u00bb tablet_text_alignment=\u00a0\u00bbdefault\u00a0\u00bb phone_text_alignment=\u00a0\u00bbdefault\u00a0\u00bb bg_image_animation=\u00a0\u00bbnone\u00a0\u00bb border_type=\u00a0\u00bbsimple\u00a0\u00bb column_border_width=\u00a0\u00bbnone\u00a0\u00bb column_border_style=\u00a0\u00bbsolid\u00a0\u00bb][vc_column_text]DOGA participera au prochain rallye Dakar qui se d\u00e9roulera en Arabie saoudite du 2 au 14 janvier prochain, dans la cat\u00e9gorie \u00ab\u00a0Dakar Classic\u00a0\u00bb. Le pilote Toni Garcia, accompagn\u00e9 du copilote Florenci Rius, sera charg\u00e9 de piloter le v\u00e9hicule classique Toyota HDJ 80, qui, gr\u00e2ce \u00e0 sa grande envergure et son poids, offrira une grande fiabilit\u00e9 aux pilotes. Le d\u00e9part de la premi\u00e8re \u00e9tape aura lieu \u00e0 Ha&rsquo;il le 2 janvier, avec une journ\u00e9e de repos \u00e0 Riyad et la course est pr\u00e9vue pour se terminer \u00e0 Djeddah le 14 janvier. Dans cette deuxi\u00e8me \u00e9dition, la cat\u00e9gorie des Classiques compte 150 participants, comprenant des voitures et des camions, d\u00e9montrant une fois de plus la popularit\u00e9 croissante des comp\u00e9titions de v\u00e9hicules classiques.[\/vc_column_text][\/vc_column][\/vc_row][vc_row type=\u00a0\u00bbin_container\u00a0\u00bb full_screen_row_position=\u00a0\u00bbmiddle\u00a0\u00bb column_margin=\u00a0\u00bbdefault\u00a0\u00bb column_direction=\u00a0\u00bbdefault\u00a0\u00bb column_direction_tablet=\u00a0\u00bbdefault\u00a0\u00bb column_direction_phone=\u00a0\u00bbdefault\u00a0\u00bb scene_position=\u00a0\u00bbcenter\u00a0\u00bb text_color=\u00a0\u00bbdark\u00a0\u00bb text_align=\u00a0\u00bbleft\u00a0\u00bb row_border_radius=\u00a0\u00bbnone\u00a0\u00bb row_border_radius_applies=\u00a0\u00bbbg\u00a0\u00bb overlay_strength=\u00a0\u00bb0.3&Prime; gradient_direction=\u00a0\u00bbleft_to_right\u00a0\u00bb shape_divider_position=\u00a0\u00bbbottom\u00a0\u00bb bg_image_animation=\u00a0\u00bbnone\u00a0\u00bb][vc_column column_padding=\u00a0\u00bbno-extra-padding\u00a0\u00bb column_padding_tablet=\u00a0\u00bbinherit\u00a0\u00bb column_padding_phone=\u00a0\u00bbinherit\u00a0\u00bb column_padding_position=\u00a0\u00bball\u00a0\u00bb column_element_spacing=\u00a0\u00bbdefault\u00a0\u00bb background_color_opacity=\u00a0\u00bb1&Prime; background_hover_color_opacity=\u00a0\u00bb1&Prime; column_shadow=\u00a0\u00bbnone\u00a0\u00bb column_border_radius=\u00a0\u00bbnone\u00a0\u00bb column_link_target=\u00a0\u00bb_self\u00a0\u00bb gradient_direction=\u00a0\u00bbleft_to_right\u00a0\u00bb overlay_strength=\u00a0\u00bb0.3&Prime; width=\u00a0\u00bb1\/1&Prime; tablet_width_inherit=\u00a0\u00bbdefault\u00a0\u00bb tablet_text_alignment=\u00a0\u00bbdefault\u00a0\u00bb phone_text_alignment=\u00a0\u00bbdefault\u00a0\u00bb bg_image_animation=\u00a0\u00bbnone\u00a0\u00bb border_type=\u00a0\u00bbsimple\u00a0\u00bb column_border_width=\u00a0\u00bbnone\u00a0\u00bb column_border_style=\u00a0\u00bbsolid\u00a0\u00bb][vc_video link=\u00a0\u00bbhttps:\/\/www.youtube.com\/watch?v=It73a2hPVdQ\u00a0\u00bb][\/vc_column][\/vc_row]\n","protected":false},"excerpt":{"rendered":"<p>[vc_row type=\u00a0\u00bbin_container\u00a0\u00bb full_screen_row_position=\u00a0\u00bbmiddle\u00a0\u00bb column_margin=\u00a0\u00bbdefault\u00a0\u00bb column_direction=\u00a0\u00bbdefault\u00a0\u00bb column_direction_tablet=\u00a0\u00bbdefault\u00a0\u00bb column_direction_phone=\u00a0\u00bbdefault\u00a0\u00bb scene_position=\u00a0\u00bbcenter\u00a0\u00bb text_color=\u00a0\u00bbdark\u00a0\u00bb text_align=\u00a0\u00bbleft\u00a0\u00bb row_border_radius=\u00a0\u00bbnone\u00a0\u00bb row_border_radius_applies=\u00a0\u00bbbg\u00a0\u00bb overlay_strength=\u00a0\u00bb0.3&Prime; gradient_direction=\u00a0\u00bbleft_to_right\u00a0\u00bb shape_divider_position=\u00a0\u00bbbottom\u00a0\u00bb bg_image_animation=\u00a0\u00bbnone\u00a0\u00bb][vc_column column_padding=\u00a0\u00bbno-extra-padding\u00a0\u00bb column_padding_tablet=\u00a0\u00bbinherit\u00a0\u00bb column_padding_phone=\u00a0\u00bbinherit\u00a0\u00bb column_padding_position=\u00a0\u00bball\u00a0\u00bb column_element_spacing=\u00a0\u00bbdefault\u00a0\u00bb background_color_opacity=\u00a0\u00bb1&Prime; background_hover_color_opacity=\u00a0\u00bb1&Prime; column_shadow=\u00a0\u00bbnone\u00a0\u00bb column_border_radius=\u00a0\u00bbnone\u00a0\u00bb column_link_target=\u00a0\u00bb_self\u00a0\u00bb gradient_direction=\u00a0\u00bbleft_to_right\u00a0\u00bb overlay_strength=\u00a0\u00bb0.3&Prime; width=\u00a0\u00bb1\/1&Prime; tablet_width_inherit=\u00a0\u00bbdefault\u00a0\u00bb&#8230;<\/p>\n","protected":false},"author":1,"featured_media":6124,"comment_status":"closed","ping_status":"closed","sticky":false,"template":"","format":"standard","meta":{"footnotes":""},"categories":[782],"tags":[784,783],"class_list":{"0":"post-6997","1":"post","2":"type-post","3":"status-publish","4":"format-standard","5":"has-post-thumbnail","7":"category-racing-fr","8":"tag-classics-fr","9":"tag-dakar-fr"},"yoast_head":"<!-- This site is optimized with the Yoast SEO Premium plugin v24.3 (Yoast SEO v27.4) - https:\/\/yoast.com\/product\/yoast-seo-premium-wordpress\/ -->\n<title>DOGA dans le Rallye Dakar Classics 2022. - Doga Parts<\/title>\n<meta name=\"description\" content=\"DOGA participera au prochain rallye Dakar qui se d\u00e9roulera en Arabie saoudite du 2 au 14 janvier prochain, dans la cat\u00e9gorie &quot;Dakar Classic&quot;. Le pilote Toni Garcia ainsi que le copilote Florenci Rius.\" \/>\n<meta name=\"robots\" content=\"index, follow, max-snippet:-1, max-image-preview:large, max-video-preview:-1\" \/>\n<link rel=\"canonical\" href=\"https:\/\/www.dogaparts.es\/fr\/2023\/07\/03\/doga-dans-le-rallye-dakar-classics-2022\/\" \/>\n<meta property=\"og:locale\" content=\"fr_FR\" \/>\n<meta property=\"og:type\" content=\"article\" \/>\n<meta property=\"og:title\" content=\"DOGA dans le Rallye Dakar Classics 2022.\" \/>\n<meta property=\"og:description\" content=\"DOGA participera au prochain rallye Dakar qui se d\u00e9roulera en Arabie saoudite du 2 au 14 janvier prochain, dans la cat\u00e9gorie &quot;Dakar Classic&quot;. Le pilote Toni Garcia ainsi que le copilote Florenci Rius.\" \/>\n<meta property=\"og:url\" content=\"https:\/\/www.dogaparts.es\/fr\/2023\/07\/03\/doga-dans-le-rallye-dakar-classics-2022\/\" \/>\n<meta property=\"og:site_name\" content=\"Doga Parts\" \/>\n<meta property=\"article:published_time\" content=\"2023-07-03T10:59:57+00:00\" \/>\n<meta property=\"article:modified_time\" content=\"2023-07-12T15:10:03+00:00\" \/>\n<meta property=\"og:image\" content=\"https:\/\/www.dogaparts.es\/wp-content\/uploads\/2021\/12\/DAKARCLASSICMINI.jpg\" \/>\n\t<meta property=\"og:image:width\" content=\"1280\" \/>\n\t<meta property=\"og:image:height\" content=\"720\" \/>\n\t<meta property=\"og:image:type\" content=\"image\/jpeg\" \/>\n<meta name=\"author\" content=\"admin_roger\" \/>\n<meta name=\"twitter:card\" content=\"summary_large_image\" \/>\n<meta name=\"twitter:label1\" content=\"\u00c9crit par\" \/>\n\t<meta name=\"twitter:data1\" content=\"admin_roger\" \/>\n\t<meta name=\"twitter:label2\" content=\"Dur\u00e9e de lecture estim\u00e9e\" \/>\n\t<meta name=\"twitter:data2\" content=\"2 minutes\" \/>\n<script type=\"application\/ld+json\" class=\"yoast-schema-graph\">{\"@context\":\"https:\\\/\\\/schema.org\",\"@graph\":[{\"@type\":\"Article\",\"@id\":\"https:\\\/\\\/www.dogaparts.es\\\/fr\\\/2023\\\/07\\\/03\\\/doga-dans-le-rallye-dakar-classics-2022\\\/#article\",\"isPartOf\":{\"@id\":\"https:\\\/\\\/www.dogaparts.es\\\/fr\\\/2023\\\/07\\\/03\\\/doga-dans-le-rallye-dakar-classics-2022\\\/\"},\"author\":{\"name\":\"admin_roger\",\"@id\":\"https:\\\/\\\/www.dogaparts.es\\\/fr\\\/#\\\/schema\\\/person\\\/1e1d299b070f7ea7ea6b9372ad4809ed\"},\"headline\":\"DOGA dans le Rallye Dakar Classics 2022.\",\"datePublished\":\"2023-07-03T10:59:57+00:00\",\"dateModified\":\"2023-07-12T15:10:03+00:00\",\"mainEntityOfPage\":{\"@id\":\"https:\\\/\\\/www.dogaparts.es\\\/fr\\\/2023\\\/07\\\/03\\\/doga-dans-le-rallye-dakar-classics-2022\\\/\"},\"wordCount\":418,\"image\":{\"@id\":\"https:\\\/\\\/www.dogaparts.es\\\/fr\\\/2023\\\/07\\\/03\\\/doga-dans-le-rallye-dakar-classics-2022\\\/#primaryimage\"},\"thumbnailUrl\":\"https:\\\/\\\/www.dogaparts.es\\\/wp-content\\\/uploads\\\/2021\\\/12\\\/DAKARCLASSICMINI.jpg\",\"keywords\":[\"classics\",\"dakar\"],\"articleSection\":[\"Racing\"],\"inLanguage\":\"fr-FR\"},{\"@type\":\"WebPage\",\"@id\":\"https:\\\/\\\/www.dogaparts.es\\\/fr\\\/2023\\\/07\\\/03\\\/doga-dans-le-rallye-dakar-classics-2022\\\/\",\"url\":\"https:\\\/\\\/www.dogaparts.es\\\/fr\\\/2023\\\/07\\\/03\\\/doga-dans-le-rallye-dakar-classics-2022\\\/\",\"name\":\"DOGA dans le Rallye Dakar Classics 2022. - Doga Parts\",\"isPartOf\":{\"@id\":\"https:\\\/\\\/www.dogaparts.es\\\/fr\\\/#website\"},\"primaryImageOfPage\":{\"@id\":\"https:\\\/\\\/www.dogaparts.es\\\/fr\\\/2023\\\/07\\\/03\\\/doga-dans-le-rallye-dakar-classics-2022\\\/#primaryimage\"},\"image\":{\"@id\":\"https:\\\/\\\/www.dogaparts.es\\\/fr\\\/2023\\\/07\\\/03\\\/doga-dans-le-rallye-dakar-classics-2022\\\/#primaryimage\"},\"thumbnailUrl\":\"https:\\\/\\\/www.dogaparts.es\\\/wp-content\\\/uploads\\\/2021\\\/12\\\/DAKARCLASSICMINI.jpg\",\"datePublished\":\"2023-07-03T10:59:57+00:00\",\"dateModified\":\"2023-07-12T15:10:03+00:00\",\"author\":{\"@id\":\"https:\\\/\\\/www.dogaparts.es\\\/fr\\\/#\\\/schema\\\/person\\\/1e1d299b070f7ea7ea6b9372ad4809ed\"},\"description\":\"DOGA participera au prochain rallye Dakar qui se d\u00e9roulera en Arabie saoudite du 2 au 14 janvier prochain, dans la cat\u00e9gorie \\\"Dakar Classic\\\". Le pilote Toni Garcia ainsi que le copilote Florenci Rius.\",\"breadcrumb\":{\"@id\":\"https:\\\/\\\/www.dogaparts.es\\\/fr\\\/2023\\\/07\\\/03\\\/doga-dans-le-rallye-dakar-classics-2022\\\/#breadcrumb\"},\"inLanguage\":\"fr-FR\",\"potentialAction\":[{\"@type\":\"ReadAction\",\"target\":[\"https:\\\/\\\/www.dogaparts.es\\\/fr\\\/2023\\\/07\\\/03\\\/doga-dans-le-rallye-dakar-classics-2022\\\/\"]}]},{\"@type\":\"ImageObject\",\"inLanguage\":\"fr-FR\",\"@id\":\"https:\\\/\\\/www.dogaparts.es\\\/fr\\\/2023\\\/07\\\/03\\\/doga-dans-le-rallye-dakar-classics-2022\\\/#primaryimage\",\"url\":\"https:\\\/\\\/www.dogaparts.es\\\/wp-content\\\/uploads\\\/2021\\\/12\\\/DAKARCLASSICMINI.jpg\",\"contentUrl\":\"https:\\\/\\\/www.dogaparts.es\\\/wp-content\\\/uploads\\\/2021\\\/12\\\/DAKARCLASSICMINI.jpg\",\"width\":1280,\"height\":720},{\"@type\":\"BreadcrumbList\",\"@id\":\"https:\\\/\\\/www.dogaparts.es\\\/fr\\\/2023\\\/07\\\/03\\\/doga-dans-le-rallye-dakar-classics-2022\\\/#breadcrumb\",\"itemListElement\":[{\"@type\":\"ListItem\",\"position\":1,\"name\":\"Portada\",\"item\":\"https:\\\/\\\/www.dogaparts.es\\\/fr\\\/accueil-2\\\/\"},{\"@type\":\"ListItem\",\"position\":2,\"name\":\"DOGA dans le Rallye Dakar Classics 2022.\"}]},{\"@type\":\"WebSite\",\"@id\":\"https:\\\/\\\/www.dogaparts.es\\\/fr\\\/#website\",\"url\":\"https:\\\/\\\/www.dogaparts.es\\\/fr\\\/\",\"name\":\"Doga Parts\",\"description\":\"DOGA Automotive Aftermarket\",\"potentialAction\":[{\"@type\":\"SearchAction\",\"target\":{\"@type\":\"EntryPoint\",\"urlTemplate\":\"https:\\\/\\\/www.dogaparts.es\\\/fr\\\/?s={search_term_string}\"},\"query-input\":{\"@type\":\"PropertyValueSpecification\",\"valueRequired\":true,\"valueName\":\"search_term_string\"}}],\"inLanguage\":\"fr-FR\"},{\"@type\":\"Person\",\"@id\":\"https:\\\/\\\/www.dogaparts.es\\\/fr\\\/#\\\/schema\\\/person\\\/1e1d299b070f7ea7ea6b9372ad4809ed\",\"name\":\"admin_roger\"}]}<\/script>\n<!-- \/ Yoast SEO Premium plugin. -->","yoast_head_json":{"title":"DOGA dans le Rallye Dakar Classics 2022. - Doga Parts","description":"DOGA participera au prochain rallye Dakar qui se d\u00e9roulera en Arabie saoudite du 2 au 14 janvier prochain, dans la cat\u00e9gorie \"Dakar Classic\". Le pilote Toni Garcia ainsi que le copilote Florenci Rius.","robots":{"index":"index","follow":"follow","max-snippet":"max-snippet:-1","max-image-preview":"max-image-preview:large","max-video-preview":"max-video-preview:-1"},"canonical":"https:\/\/www.dogaparts.es\/fr\/2023\/07\/03\/doga-dans-le-rallye-dakar-classics-2022\/","og_locale":"fr_FR","og_type":"article","og_title":"DOGA dans le Rallye Dakar Classics 2022.","og_description":"DOGA participera au prochain rallye Dakar qui se d\u00e9roulera en Arabie saoudite du 2 au 14 janvier prochain, dans la cat\u00e9gorie \"Dakar Classic\". Le pilote Toni Garcia ainsi que le copilote Florenci Rius.","og_url":"https:\/\/www.dogaparts.es\/fr\/2023\/07\/03\/doga-dans-le-rallye-dakar-classics-2022\/","og_site_name":"Doga Parts","article_published_time":"2023-07-03T10:59:57+00:00","article_modified_time":"2023-07-12T15:10:03+00:00","og_image":[{"width":1280,"height":720,"url":"https:\/\/www.dogaparts.es\/wp-content\/uploads\/2021\/12\/DAKARCLASSICMINI.jpg","type":"image\/jpeg"}],"author":"admin_roger","twitter_card":"summary_large_image","twitter_misc":{"\u00c9crit par":"admin_roger","Dur\u00e9e de lecture estim\u00e9e":"2 minutes"},"schema":{"@context":"https:\/\/schema.org","@graph":[{"@type":"Article","@id":"https:\/\/www.dogaparts.es\/fr\/2023\/07\/03\/doga-dans-le-rallye-dakar-classics-2022\/#article","isPartOf":{"@id":"https:\/\/www.dogaparts.es\/fr\/2023\/07\/03\/doga-dans-le-rallye-dakar-classics-2022\/"},"author":{"name":"admin_roger","@id":"https:\/\/www.dogaparts.es\/fr\/#\/schema\/person\/1e1d299b070f7ea7ea6b9372ad4809ed"},"headline":"DOGA dans le Rallye Dakar Classics 2022.","datePublished":"2023-07-03T10:59:57+00:00","dateModified":"2023-07-12T15:10:03+00:00","mainEntityOfPage":{"@id":"https:\/\/www.dogaparts.es\/fr\/2023\/07\/03\/doga-dans-le-rallye-dakar-classics-2022\/"},"wordCount":418,"image":{"@id":"https:\/\/www.dogaparts.es\/fr\/2023\/07\/03\/doga-dans-le-rallye-dakar-classics-2022\/#primaryimage"},"thumbnailUrl":"https:\/\/www.dogaparts.es\/wp-content\/uploads\/2021\/12\/DAKARCLASSICMINI.jpg","keywords":["classics","dakar"],"articleSection":["Racing"],"inLanguage":"fr-FR"},{"@type":"WebPage","@id":"https:\/\/www.dogaparts.es\/fr\/2023\/07\/03\/doga-dans-le-rallye-dakar-classics-2022\/","url":"https:\/\/www.dogaparts.es\/fr\/2023\/07\/03\/doga-dans-le-rallye-dakar-classics-2022\/","name":"DOGA dans le Rallye Dakar Classics 2022. - Doga Parts","isPartOf":{"@id":"https:\/\/www.dogaparts.es\/fr\/#website"},"primaryImageOfPage":{"@id":"https:\/\/www.dogaparts.es\/fr\/2023\/07\/03\/doga-dans-le-rallye-dakar-classics-2022\/#primaryimage"},"image":{"@id":"https:\/\/www.dogaparts.es\/fr\/2023\/07\/03\/doga-dans-le-rallye-dakar-classics-2022\/#primaryimage"},"thumbnailUrl":"https:\/\/www.dogaparts.es\/wp-content\/uploads\/2021\/12\/DAKARCLASSICMINI.jpg","datePublished":"2023-07-03T10:59:57+00:00","dateModified":"2023-07-12T15:10:03+00:00","author":{"@id":"https:\/\/www.dogaparts.es\/fr\/#\/schema\/person\/1e1d299b070f7ea7ea6b9372ad4809ed"},"description":"DOGA participera au prochain rallye Dakar qui se d\u00e9roulera en Arabie saoudite du 2 au 14 janvier prochain, dans la cat\u00e9gorie \"Dakar Classic\". Le pilote Toni Garcia ainsi que le copilote Florenci Rius.","breadcrumb":{"@id":"https:\/\/www.dogaparts.es\/fr\/2023\/07\/03\/doga-dans-le-rallye-dakar-classics-2022\/#breadcrumb"},"inLanguage":"fr-FR","potentialAction":[{"@type":"ReadAction","target":["https:\/\/www.dogaparts.es\/fr\/2023\/07\/03\/doga-dans-le-rallye-dakar-classics-2022\/"]}]},{"@type":"ImageObject","inLanguage":"fr-FR","@id":"https:\/\/www.dogaparts.es\/fr\/2023\/07\/03\/doga-dans-le-rallye-dakar-classics-2022\/#primaryimage","url":"https:\/\/www.dogaparts.es\/wp-content\/uploads\/2021\/12\/DAKARCLASSICMINI.jpg","contentUrl":"https:\/\/www.dogaparts.es\/wp-content\/uploads\/2021\/12\/DAKARCLASSICMINI.jpg","width":1280,"height":720},{"@type":"BreadcrumbList","@id":"https:\/\/www.dogaparts.es\/fr\/2023\/07\/03\/doga-dans-le-rallye-dakar-classics-2022\/#breadcrumb","itemListElement":[{"@type":"ListItem","position":1,"name":"Portada","item":"https:\/\/www.dogaparts.es\/fr\/accueil-2\/"},{"@type":"ListItem","position":2,"name":"DOGA dans le Rallye Dakar Classics 2022."}]},{"@type":"WebSite","@id":"https:\/\/www.dogaparts.es\/fr\/#website","url":"https:\/\/www.dogaparts.es\/fr\/","name":"Doga Parts","description":"DOGA Automotive Aftermarket","potentialAction":[{"@type":"SearchAction","target":{"@type":"EntryPoint","urlTemplate":"https:\/\/www.dogaparts.es\/fr\/?s={search_term_string}"},"query-input":{"@type":"PropertyValueSpecification","valueRequired":true,"valueName":"search_term_string"}}],"inLanguage":"fr-FR"},{"@type":"Person","@id":"https:\/\/www.dogaparts.es\/fr\/#\/schema\/person\/1e1d299b070f7ea7ea6b9372ad4809ed","name":"admin_roger"}]}},"_links":{"self":[{"href":"https:\/\/www.dogaparts.es\/fr\/wp-json\/wp\/v2\/posts\/6997","targetHints":{"allow":["GET"]}}],"collection":[{"href":"https:\/\/www.dogaparts.es\/fr\/wp-json\/wp\/v2\/posts"}],"about":[{"href":"https:\/\/www.dogaparts.es\/fr\/wp-json\/wp\/v2\/types\/post"}],"author":[{"embeddable":true,"href":"https:\/\/www.dogaparts.es\/fr\/wp-json\/wp\/v2\/users\/1"}],"replies":[{"embeddable":true,"href":"https:\/\/www.dogaparts.es\/fr\/wp-json\/wp\/v2\/comments?post=6997"}],"version-history":[{"count":0,"href":"https:\/\/www.dogaparts.es\/fr\/wp-json\/wp\/v2\/posts\/6997\/revisions"}],"wp:featuredmedia":[{"embeddable":true,"href":"https:\/\/www.dogaparts.es\/fr\/wp-json\/wp\/v2\/media\/6124"}],"wp:attachment":[{"href":"https:\/\/www.dogaparts.es\/fr\/wp-json\/wp\/v2\/media?parent=6997"}],"wp:term":[{"taxonomy":"category","embeddable":true,"href":"https:\/\/www.dogaparts.es\/fr\/wp-json\/wp\/v2\/categories?post=6997"},{"taxonomy":"post_tag","embeddable":true,"href":"https:\/\/www.dogaparts.es\/fr\/wp-json\/wp\/v2\/tags?post=6997"}],"curies":[{"name":"wp","href":"https:\/\/api.w.org\/{rel}","templated":true}]}}